{"id":6703,"date":"2025-06-13T15:34:17","date_gmt":"2025-06-13T15:34:17","guid":{"rendered":"https:\/\/zagrebacki-solisti.com\/?p=6703"},"modified":"2025-11-06T15:21:28","modified_gmt":"2025-11-06T15:21:28","slug":"13-06-26-barnabas-kelemen-katalin-kokas-violinists","status":"publish","type":"post","link":"https:\/\/zagrebacki-solisti.com\/en\/concerts\/13-06-26-barnabas-kelemen-katalin-kokas-violinists\/","title":{"rendered":"13.06.26. Barnab\u00e1s Kelemen, Katalin Kokas, violinists"},"content":{"rendered":"<h2><strong>Barnab\u00e1s Kelemen<\/strong><\/h2>\n<p>&nbsp;<\/p>\n<p><span style=\"font-weight: 400;\">Barnab\u00e1s Kelemen has established himself as one of the leading and most versatile artist of his generation. <\/span><\/p>\n<p>&nbsp;<\/p>\n<p><span style=\"font-weight: 400;\">An artist of \u201cinnate musicality\u201d with a technical execution that belongs \u201conly to the greatest\u201d <\/span><i><span style=\"font-weight: 400;\">(The Guardian)<\/span><\/i><\/p>\n<p>&nbsp;<\/p>\n<p><span style=\"font-weight: 400;\">\u201c\u2026a penchant for fiery display and a lyricism suited to the stage, Barnab\u00e1s Kelemen Hungarian soloist met the composer\u2019s demands unflappably, stirring a rousing ovation\u201d as the soloist of the American Symphony Orchestra in Carnegie Hall\u2019s Stern Auditorium. <\/span><i><span style=\"font-weight: 400;\">(New York Times)<\/span><\/i><\/p>\n<p>&nbsp;<\/p>\n<p><span style=\"font-weight: 400;\">Conquering the most famous concert halls in the world with his dynamic and passionate performances and his open-minded individual playing he is an outstanding soloist chamber musician and conductor. As well he has been artistic director of festivals and professor at renowned institutions. In recent years he has been invited as jury member at world\u2019s leading violin and chamber music competitions.<\/span><\/p>\n<p>&nbsp;<\/p>\n<p><span style=\"font-weight: 400;\">Due to his exceptional style sensitivity and his comprehensive technical proficiency, Barnab\u00e1s Kelemen navigates with confidence through the entire catalogue of music written for violin. His repertoire is thus extremely diverse from solo, concerto, chamber music to string quartet works and he performs with incredible authenticity from early baroque, through classical, and romantic to contemporary music. He gave Hungarian premieres of works by Sofia Gubajdulina, Gy\u00f6rgy Ligeti, Alfred Schnittke, Steve Reich, Arvo P\u00e4rt or Lera Auerbach and world premiers of works by Helena Winkelman, T\u00edmea Dragony, Gy\u00f6rgy Kurt\u00e1g or Ryan Wigglesworth.<\/span><\/p>\n<p>&nbsp;<\/p>\n<p><span style=\"font-weight: 400;\">He regularly performs at the most prominent concert venues, including the Carnegie Hall, the Concertgebouw, the Royal Festival Hall, the Palais de Beaux Arts, the Suntory Hall, the Musikverein or the Berlin Philharmony. He is a frequent guest of such eminent ensembles as the BBC Symphony, the London Philharmonic- and Symphony orchestras, the Amsterdam Concertgebouw Orchestra, the Berlin Radio Symphony, Hannover\u2019s NDR Radiophilharmonie, the Munich Philharmonic Orchestra, the Budapest Festival Orchestra, the Hungarian National Philharmonic Orchestra, the Estonian or the Helsinki Philharmonic to name but a few.<\/span><\/p>\n<p>&nbsp;<\/p>\n<p><span style=\"font-weight: 400;\">Barnab\u00e1s Kelemen has worked with conductors such as Lorin Maazel, Sir Neville Marriner, Vladimir Jurowski, Marek Janowski, Michael Stern, Krzysztof Urbanski, P\u00e9ter E\u00f6tv\u00f6s, Iv\u00e1n Fischer and G\u00e1bor Tak\u00e1cs-Nagy and has built a long-therm and fruitful collaboration with late Zolt\u00e1n Kocsis and renowned Mexican conductor Alondra della Parra performing with her through Australia to Hungary. Barnab\u00e1s Kelemen is also an avid conductor himself \u2013 in recent seasons he has lead the Austro-Hungarian Haydn Philharmonic with recording Helena Winkelman\u2019s Cello Concerto, the Chamber Orchestra of the Royal Conservatory of Toronto, the Hungarian National Philharmonic Orchestra, the Indianapolis Symphony Orchestra, the Dohn\u00e1nyi Symphony, the Israel Chamber Orchestra or the Amsterdam Concertgebouw Chamber Orchestra etc.<\/span><\/p>\n<p>&nbsp;<\/p>\n<p><span style=\"font-weight: 400;\">On top of all Barnab\u00e1s Kelemen is a passionate chamber musician who has been playing regularly together with artists like Zolt\u00e1n Kocsis, Vilde Frang, Joshua Bell, Alina Ibragimova, Steven Isserlis, M\u00e1t\u00e9 Sz\u0171cs, Khatia Buniatishvili, Ferenc Rados, Menahem Pressler, Nicolas Altstaedt, Jos\u00e9 Gallardo or Andreas Ottensamer at chamber music festivals such as: Edinburgh, Jerusalem, Prussia Cove, Ittingen, Salzburg, B\u00fcrgenstock, Delft, Lockenhaus, Mondsee, Mantova, Kuhmo etc.<\/span><\/p>\n<p>&nbsp;<\/p>\n<p><span style=\"font-weight: 400;\">It was him who recorded all of Bart\u00f3k\u2019s works for violin in the Bart\u00f3k New Series under the aegis of Zolt\u00e1n Kocsis, and many received international acclaim, especially his CD comprised of the complete sonatas for violin which won the prestigious Gramophone Award in 2013. In 2001, his album of Liszt\u2019s complete works for violin and piano was awarded the Grand Prix du Disque by the International Liszt Society, while in 2003, Diapason magazine paid tribute to Kelemen and Tam\u00e1s V\u00e1s\u00e1ry\u2019s recording of Brahms\u2019 Sonatas for Violin and Piano with its influential Diapason d\u2019Or. So far, he has released a total of 23 albums \u2013 19 solo\/chamber music and three with his quartet \u2013 as well as a double DVD of live performances of Mozart\u2019s complete violin concertos. His album \u2013 released in 2019 under the care of Alpha Records \u2013 featuring B\u00e9la Bart\u00f3k\u2019s Piano Quintet won it\u2019s category at the BBC Music Magazine Awards and the Gramophone Award in 2020.<\/span><\/p>\n<p>&nbsp;<\/p>\n<p><span style=\"font-weight: 400;\">A devoted pedagogue since 2003 he is active as a violin and chamber music teacher giving masterclasses world-wide. Since 2003 he had been professor of violin later chamber music at the Ferenc Liszt Music Academy in Budapest and has been invited by Prof. Mimi Zweig as a regular guest professor at the Indiana University in Bloomington\/USA and by Alexander Lonquich to the Fiesole University in Florence. From 2014 till 2022 he was a violin professor at the Cologne University in Germany as a successor of Zakhar Bronn and Viktor Tretyakov. He has been giving masterclasses at renowned institutions like Salzburg Mozarteum, Brussels Chapelle Rheine Elizabeth and at universities of Tokyo, Paris, Glasgow, Dallas, Toronto, Helsinki, Antwerpen, Brussels, Florence etc.<\/span><\/p>\n<p>&nbsp;<\/p>\n<p><span style=\"font-weight: 400;\">Barnab\u00e1s Kelemen has been invited as jury member to prestigious international violin and chamber music\/string quartet competitions like: Singapore, Wieniawski and Szymanowksi (Poland), Szigeti (Hungary), Kloster Sch\u00f6ntaal (Germany), Bart\u00f3k (Hungary), or Banff (Canada). He himself established two international violin competitions one in 2017 for violinists under age 21 during the Festival Academy Budapest named after Ilona Feh\u00e9r with jury president Shlomo Mintz or Hagai Shaham and a Central-European violin competition since 2020 in Miskolc named after Jen\u0151 Hubay with jury president Boris Kuschnir.<\/span><\/p>\n<p>&nbsp;<\/p>\n<p><span style=\"font-weight: 400;\">Together with Katalin Kokas, he is the founder and artistic director of the Festival Academy Budapest which regularly features artists such as Joshua Bell, Vilde Frang, Maxim Rysanov, Patricia Kopatchinskaya, Andreas Ottensamer, Alina Ibragimova, Shlomo Mintz, Ferenc Rados, Reto Bieri or Gidon Kremer and hosts 50-60 university students from all over the world for masterclasses and to work and perform with the festival artists. They have commissioned new works from such composers like Vienna UMDK dekanin Judit Varga, Mat\u00e9 Balogh or T\u00edmea Dragony.<\/span><\/p>\n<p>&nbsp;<\/p>\n<p><span style=\"font-weight: 400;\">In 2009 Barnab\u00e1s Kelemen established the Kelemen Quartet with his wife Katalin Kokas. In their first years they have won the grand prizes of three of the greatest string quartet competitions, the Premio Paolo Borciani in Reggio Emilia, the Melbourne and the Beijing competitions and has kept the attention of the international quartet life with appearances at the NY Carnegie Hall, the Berlin Philharmony, the Salzburg Mozarteum, the Vienna Musikverein, the Amsterdam Concertgebouw, the Teatro Fenice of Venice or at their regular returns to the London Wigmore Hall since 2011. With their new members violinist Jonian Ilias Kadesha and cellist Vashti Mimosa Hunter the quartet recently appeared with their giant project of playing all Bart\u00f3k string quartets at festivals like Mantova, Lockenhaus, Eisenstadt, Banff or Budapest Bart\u00f3k Art Weeks.<\/span><\/p>\n<p>&nbsp;<\/p>\n<p><span style=\"font-weight: 400;\">Kelemen has achieved outstanding results at worlds greatest contests, including first prizes at both the 1999 Salzburg International Mozart Violin Competition and the 2002 International Violin Competition of Indianapolis, the third prize at Brussels\u2019 2001 Queen Elisabeth Violin Competition. His artistry has been recognized with the highest professional and state honors: he has been awarded Liszt, Bart\u00f3k-P\u00e1sztory, Pr\u00edma and Kossuth Prizes, the London-based Gramophone Award and is the holder of the Knight\u2019s Cross of the Order of Merit of the Republic of Hungary.<\/span><\/p>\n<p>&nbsp;<\/p>\n<p><span style=\"font-weight: 400;\">Kelemen began studying the violin under Val\u00e9ria Baranyai. As a student of Eszter Per\u00e9nyi, he graduated from the Liszt Academy of Music in 2001. He was enormously influenced by his later masters as well, Isaac Stern (1994-2001), Ferenc Rados (1993-), Gy\u00f6rgy Kurt\u00e1g (1997-), Zolt\u00e1n Kocsis (1998-2016) and by the several recordings and movie films of his legendary gypsy grandfather from the 1930\u2019s the \u2018pr\u00edm\u00e1s\u2019 violinist Pali Pertis. He has to thank most to his mother the great harpsichordist Zsuzsa Pertis who was a student of prof. Isolde Algrim at Vienna Hochschule for becoming such an open minded artist. He studied 5 years of conducting privately from two idols of the Finnish school, Leif Segerstam and Jorma Panula.<\/span><\/p>\n<p>&nbsp;<\/p>\n<p><span style=\"font-weight: 400;\">He is currently a half time professor at the Ferenc Liszt Academy in Budapest where he coaches chamber music groups at regular masterclasses. He performs on the \u201cex-Rolla J\u00e1nos\u201d Guarneri del Ges\u00fa violin of 1737, generously loaned to him by the Hungarian State.<\/span><\/p>\n<p>&nbsp;<\/p>\n<p>&nbsp;<\/p>\n<h2><strong>Katalin Kokas<\/strong><\/h2>\n<p>&nbsp;<\/p>\n<p><span style=\"font-weight: 400;\">Katalin Kokas was born in 1978 in P\u00e9cs, Hungary. She began to play the violin at the age of 5. At the age of 11 she attanded the preliminary class of the Franz Liszt Music Academy in Budapest and studied with Ferenc Hal\u00e1sz and D\u00e9nes Kov\u00e1cs. From the age 16 she was awarded full scholarship at the Toronto Royal Conservatory where she studied with L\u00f3r\u00e1nd Fenyves. From 1997 she worked with Eszter Per\u00e9nyi at the Liszt Academy in Budapest where she got her honours degree. She attanded masterclasses of Ferenc Rados, Gy\u00f6rgy Kurt\u00e1g, Gy\u00f6rgy Pauk, D\u00e9nes Zsigmondy, Igor Ozim, Tibor Varga, Endre Wolf, Jaime Laredo and Leon Fleischer.<\/span><\/p>\n<h3><\/h3>\n<p><span style=\"font-weight: 400;\">After winning many national competitions she has won the First Prize at the Usti nad Orlice International Violin Competition in the Chech Republic in 1994.<\/span><\/p>\n<p>&nbsp;<\/p>\n<p><span style=\"font-weight: 400;\">In 1996 she won the Concerto Competition in Toronto. She won the Bart\u00f3k and the Martinu Competitions in Semmering-Austria in 1997-98.<\/span><\/p>\n<p>&nbsp;<\/p>\n<p><span style=\"font-weight: 400;\">In 1999 Katalin Kokas has won the Carl Flesch International Violin Competition and in 2002 she has won the First Prize at the prestigous Joseph Szigeti International Violin Competition in Hungary.<\/span><\/p>\n<h3><\/h3>\n<p><span style=\"font-weight: 400;\">Katalin Kokas -as a violinist or violist &#8211; has collaborated with musicians such as Zolt\u00e1n Kocsis, Mikl\u00f3s Per\u00e9nyi, D\u00e9nes V\u00e1rjon, Philipp Cassard, P\u00e9ter Nagy, Thorlief Thedeen, Michael Stern, the Chilingirian Quartet, J\u00e1nos Rolla and the Franz Liszt Chamber Orchestra, and performed with simphonic orchestras of Poznan, Kosice, Bratislava, Johannesburg, Durban, Taiwan and most of the Hungarian orchestras.<\/span><\/p>\n<p>&nbsp;<\/p>\n<p><span style=\"font-weight: 400;\">She has been invited to music-festivals such as Delft, Prussia-Cove, Seville, Budapest Spring Festival, Paris Louvre Auditorium, Vienna, major cities of South Africa, New-York, Washington and after winning the Szigeti Competition, she has got many engagements from important concert-venues of Europe and the USA including one at the Recital Hall of the famous Carnegie Hall in New York City in 2003.<\/span><\/p>\n<h3><\/h3>\n<p><span style=\"font-weight: 400;\">She was awarded by the Ferenc Hal\u00e1sz Prize and the Annie Fischer Scholarsip in 2004, 2005. Lately she played a tour in Taiwan with the Taiwan National Symphony, gave a recital in Stuttgart and played the very first violin concerto in the new National Concert Hall in Budapest with Zolt\u00e1n Kocsis and the Hungarian National Symphony, the Sibelius Violin Concerto. Currently she is a violin professor at the Franz Liszt Music Academy in Budapest.<\/span><\/p>\n<p>&nbsp;<\/p>\n<p><img fetchpriority=\"high\" decoding=\"async\" class=\"alignnone size-full wp-image-6872\" src=\"https:\/\/zagrebacki-solisti.com\/wp-content\/uploads\/2025\/06\/logo_RGB_zagreb_hr_hosszu.jpg\" alt=\"\" width=\"913\" height=\"243\" srcset=\"https:\/\/zagrebacki-solisti.com\/wp-content\/uploads\/2025\/06\/logo_RGB_zagreb_hr_hosszu.jpg 913w, https:\/\/zagrebacki-solisti.com\/wp-content\/uploads\/2025\/06\/logo_RGB_zagreb_hr_hosszu-300x80.jpg 300w, https:\/\/zagrebacki-solisti.com\/wp-content\/uploads\/2025\/06\/logo_RGB_zagreb_hr_hosszu-768x204.jpg 768w, https:\/\/zagrebacki-solisti.com\/wp-content\/uploads\/2025\/06\/logo_RGB_zagreb_hr_hosszu-700x186.jpg 700w\" sizes=\"(max-width: 913px) 100vw, 913px\" \/><\/p>\n","protected":false},"excerpt":{"rendered":"<p>Vatroslav Lisinski Concert Hall (Small Hall) 19h<\/p>\n<p>BARNABAS KELEMEN, violin and artistic direction<\/p>\n<p>KATALIN KOKAS, violin<\/p>\n<p>J. S. Bach: Concerto for Two Violins in D minor, BWV 1043<\/p>\n<p>W. A. Mozart: Serenade in D major Serenata Notturna, No. 6, K. 239<\/p>\n<p>B. Bart\u00f3k: Duos for Two Violins, Sz. 98 (selections)<\/p>\n<p>B. Bart\u00f3k: Divertimento, Sz. 113<\/p>\n<p>*The program is implemented with the support of the Liszt Institute \u2013 Hungarian Cultural Center.<\/p>\n","protected":false},"author":2,"featured_media":6705,"comment_status":"closed","ping_status":"closed","sticky":false,"template":"","format":"standard","meta":{"footnotes":""},"categories":[119,120],"tags":[179,180,148,178,157],"class_list":["post-6703","post","type-post","status-publish","format-standard","has-post-thumbnail","hentry","category-concerts","category-current-season","tag-barnabas-kelemen-en","tag-katalin-kokas-en","tag-vatroslav-lisinski-concert-hall","tag-violinists","tag-zagreb-soloists"],"yoast_head":"<!-- This site is optimized with the Yoast SEO plugin v23.7 - https:\/\/yoast.com\/wordpress\/plugins\/seo\/ -->\n<title>13.06.26. Barnab\u00e1s Kelemen, Katalin Kokas, violinists - Zagreb soloist<\/title>\n<meta name=\"description\" content=\", Katalin Kokas, 13.06.26. Barnab\u00e1s Kelemen, Katalin Kokas, violinists\" \/>\n<meta name=\"robots\" content=\"index, follow, max-snippet:-1, max-image-preview:large, max-video-preview:-1\" \/>\n<link rel=\"canonical\" href=\"https:\/\/zagrebacki-solisti.com\/en\/concerts\/13-06-26-barnabas-kelemen-katalin-kokas-violinists\/\" \/>\n<meta property=\"og:locale\" content=\"en_US\" \/>\n<meta property=\"og:type\" content=\"article\" \/>\n<meta property=\"og:title\" content=\"13.06.26. Barnab\u00e1s Kelemen, Katalin Kokas, violinists - Zagreb soloist\" \/>\n<meta property=\"og:description\" content=\", Katalin Kokas, 13.06.26. Barnab\u00e1s Kelemen, Katalin Kokas, violinists\" \/>\n<meta property=\"og:url\" content=\"https:\/\/zagrebacki-solisti.com\/en\/concerts\/13-06-26-barnabas-kelemen-katalin-kokas-violinists\/\" \/>\n<meta property=\"og:site_name\" content=\"Zagreb soloist\" \/>\n<meta property=\"article:publisher\" content=\"https:\/\/www.facebook.com\/Zgsolisti\/\" \/>\n<meta property=\"article:published_time\" content=\"2025-06-13T15:34:17+00:00\" \/>\n<meta property=\"article:modified_time\" content=\"2025-11-06T15:21:28+00:00\" \/>\n<meta property=\"og:image\" content=\"https:\/\/zagrebacki-solisti.com\/wp-content\/uploads\/2025\/06\/4N5A8415-masolat-\u2013-kozepes-e1749713160186.jpeg\" \/>\n\t<meta property=\"og:image:width\" content=\"427\" \/>\n\t<meta property=\"og:image:height\" content=\"640\" \/>\n\t<meta property=\"og:image:type\" content=\"image\/jpeg\" \/>\n<meta name=\"author\" content=\"Zagreba\u010dki Solisti\" \/>\n<meta name=\"twitter:card\" content=\"summary_large_image\" \/>\n<meta name=\"twitter:label1\" content=\"Written by\" \/>\n\t<meta name=\"twitter:data1\" content=\"Zagreba\u010dki Solisti\" \/>\n\t<meta name=\"twitter:label2\" content=\"Est. reading time\" \/>\n\t<meta name=\"twitter:data2\" content=\"10 minutes\" \/>\n<script type=\"application\/ld+json\" class=\"yoast-schema-graph\">{\"@context\":\"https:\/\/schema.org\",\"@graph\":[{\"@type\":\"Article\",\"@id\":\"https:\/\/zagrebacki-solisti.com\/en\/concerts\/13-06-26-barnabas-kelemen-katalin-kokas-violinists\/#article\",\"isPartOf\":{\"@id\":\"https:\/\/zagrebacki-solisti.com\/en\/concerts\/13-06-26-barnabas-kelemen-katalin-kokas-violinists\/\"},\"author\":{\"name\":\"Zagreba\u010dki Solisti\",\"@id\":\"https:\/\/zagrebacki-solisti.com\/en\/#\/schema\/person\/2001eb9165ed6be7b46c1f92387a615c\"},\"headline\":\"13.06.26. Barnab\u00e1s Kelemen, Katalin Kokas, violinists\",\"datePublished\":\"2025-06-13T15:34:17+00:00\",\"dateModified\":\"2025-11-06T15:21:28+00:00\",\"mainEntityOfPage\":{\"@id\":\"https:\/\/zagrebacki-solisti.com\/en\/concerts\/13-06-26-barnabas-kelemen-katalin-kokas-violinists\/\"},\"wordCount\":1766,\"publisher\":{\"@id\":\"https:\/\/zagrebacki-solisti.com\/en\/#organization\"},\"image\":{\"@id\":\"https:\/\/zagrebacki-solisti.com\/en\/concerts\/13-06-26-barnabas-kelemen-katalin-kokas-violinists\/#primaryimage\"},\"thumbnailUrl\":\"https:\/\/zagrebacki-solisti.com\/wp-content\/uploads\/2025\/06\/4N5A8415-masolat-\u2013-kozepes-e1749713160186.jpeg\",\"keywords\":[\"Barnab\u00e1s Kelemen\",\"Katalin Kokas\",\"vatroslav lisinski concert hall\",\"violinists\",\"zagreb soloists\"],\"articleSection\":[\"Concerts\",\"Current season\"],\"inLanguage\":\"en-US\"},{\"@type\":\"WebPage\",\"@id\":\"https:\/\/zagrebacki-solisti.com\/en\/concerts\/13-06-26-barnabas-kelemen-katalin-kokas-violinists\/\",\"url\":\"https:\/\/zagrebacki-solisti.com\/en\/concerts\/13-06-26-barnabas-kelemen-katalin-kokas-violinists\/\",\"name\":\"13.06.26. Barnab\u00e1s Kelemen, Katalin Kokas, violinists - Zagreb soloist\",\"isPartOf\":{\"@id\":\"https:\/\/zagrebacki-solisti.com\/en\/#website\"},\"primaryImageOfPage\":{\"@id\":\"https:\/\/zagrebacki-solisti.com\/en\/concerts\/13-06-26-barnabas-kelemen-katalin-kokas-violinists\/#primaryimage\"},\"image\":{\"@id\":\"https:\/\/zagrebacki-solisti.com\/en\/concerts\/13-06-26-barnabas-kelemen-katalin-kokas-violinists\/#primaryimage\"},\"thumbnailUrl\":\"https:\/\/zagrebacki-solisti.com\/wp-content\/uploads\/2025\/06\/4N5A8415-masolat-\u2013-kozepes-e1749713160186.jpeg\",\"datePublished\":\"2025-06-13T15:34:17+00:00\",\"dateModified\":\"2025-11-06T15:21:28+00:00\",\"description\":\", Katalin Kokas, 13.06.26. Barnab\u00e1s Kelemen, Katalin Kokas, violinists\",\"breadcrumb\":{\"@id\":\"https:\/\/zagrebacki-solisti.com\/en\/concerts\/13-06-26-barnabas-kelemen-katalin-kokas-violinists\/#breadcrumb\"},\"inLanguage\":\"en-US\",\"potentialAction\":[{\"@type\":\"ReadAction\",\"target\":[\"https:\/\/zagrebacki-solisti.com\/en\/concerts\/13-06-26-barnabas-kelemen-katalin-kokas-violinists\/\"]}]},{\"@type\":\"ImageObject\",\"inLanguage\":\"en-US\",\"@id\":\"https:\/\/zagrebacki-solisti.com\/en\/concerts\/13-06-26-barnabas-kelemen-katalin-kokas-violinists\/#primaryimage\",\"url\":\"https:\/\/zagrebacki-solisti.com\/wp-content\/uploads\/2025\/06\/4N5A8415-masolat-\u2013-kozepes-e1749713160186.jpeg\",\"contentUrl\":\"https:\/\/zagrebacki-solisti.com\/wp-content\/uploads\/2025\/06\/4N5A8415-masolat-\u2013-kozepes-e1749713160186.jpeg\",\"width\":427,\"height\":640},{\"@type\":\"BreadcrumbList\",\"@id\":\"https:\/\/zagrebacki-solisti.com\/en\/concerts\/13-06-26-barnabas-kelemen-katalin-kokas-violinists\/#breadcrumb\",\"itemListElement\":[{\"@type\":\"ListItem\",\"position\":1,\"name\":\"Home\",\"item\":\"https:\/\/zagrebacki-solisti.com\/en\/zagreb-soloists\/\"},{\"@type\":\"ListItem\",\"position\":2,\"name\":\"13.06.26. Barnab\u00e1s Kelemen, Katalin Kokas, violinists\"}]},{\"@type\":\"WebSite\",\"@id\":\"https:\/\/zagrebacki-solisti.com\/en\/#website\",\"url\":\"https:\/\/zagrebacki-solisti.com\/en\/\",\"name\":\"Zagreb soloist\",\"description\":\"Classical music ensemble\",\"publisher\":{\"@id\":\"https:\/\/zagrebacki-solisti.com\/en\/#organization\"},\"potentialAction\":[{\"@type\":\"SearchAction\",\"target\":{\"@type\":\"EntryPoint\",\"urlTemplate\":\"https:\/\/zagrebacki-solisti.com\/en\/?s={search_term_string}\"},\"query-input\":{\"@type\":\"PropertyValueSpecification\",\"valueRequired\":true,\"valueName\":\"search_term_string\"}}],\"inLanguage\":\"en-US\"},{\"@type\":\"Organization\",\"@id\":\"https:\/\/zagrebacki-solisti.com\/en\/#organization\",\"name\":\"Zagreb soloist\",\"url\":\"https:\/\/zagrebacki-solisti.com\/en\/\",\"logo\":{\"@type\":\"ImageObject\",\"inLanguage\":\"en-US\",\"@id\":\"https:\/\/zagrebacki-solisti.com\/en\/#\/schema\/logo\/image\/\",\"url\":\"https:\/\/zagrebacki-solisti.com\/wp-content\/uploads\/2023\/09\/ZG-Solisti-logo.png\",\"contentUrl\":\"https:\/\/zagrebacki-solisti.com\/wp-content\/uploads\/2023\/09\/ZG-Solisti-logo.png\",\"width\":180,\"height\":91,\"caption\":\"Zagreb soloist\"},\"image\":{\"@id\":\"https:\/\/zagrebacki-solisti.com\/en\/#\/schema\/logo\/image\/\"},\"sameAs\":[\"https:\/\/www.facebook.com\/Zgsolisti\/\",\"https:\/\/www.instagram.com\/zagrebsoloists\/\",\"https:\/\/www.youtube.com\/@zagrebsoloists\"]},{\"@type\":\"Person\",\"@id\":\"https:\/\/zagrebacki-solisti.com\/en\/#\/schema\/person\/2001eb9165ed6be7b46c1f92387a615c\",\"name\":\"Zagreba\u010dki Solisti\",\"image\":{\"@type\":\"ImageObject\",\"inLanguage\":\"en-US\",\"@id\":\"https:\/\/zagrebacki-solisti.com\/en\/#\/schema\/person\/image\/\",\"url\":\"https:\/\/zagrebacki-solisti.com\/wp-content\/litespeed\/avatar\/6899fba0ee574cce7c6f1388ad6cac86.jpg?ver=1777034305\",\"contentUrl\":\"https:\/\/zagrebacki-solisti.com\/wp-content\/litespeed\/avatar\/6899fba0ee574cce7c6f1388ad6cac86.jpg?ver=1777034305\",\"caption\":\"Zagreba\u010dki Solisti\"},\"url\":\"https:\/\/zagrebacki-solisti.com\/en\/author\/zgsolisti\/\"}]}<\/script>\n<!-- \/ Yoast SEO plugin. -->","yoast_head_json":{"title":"13.06.26. Barnab\u00e1s Kelemen, Katalin Kokas, violinists - Zagreb soloist","description":", Katalin Kokas, 13.06.26. Barnab\u00e1s Kelemen, Katalin Kokas, violinists","robots":{"index":"index","follow":"follow","max-snippet":"max-snippet:-1","max-image-preview":"max-image-preview:large","max-video-preview":"max-video-preview:-1"},"canonical":"https:\/\/zagrebacki-solisti.com\/en\/concerts\/13-06-26-barnabas-kelemen-katalin-kokas-violinists\/","og_locale":"en_US","og_type":"article","og_title":"13.06.26. Barnab\u00e1s Kelemen, Katalin Kokas, violinists - Zagreb soloist","og_description":", Katalin Kokas, 13.06.26. Barnab\u00e1s Kelemen, Katalin Kokas, violinists","og_url":"https:\/\/zagrebacki-solisti.com\/en\/concerts\/13-06-26-barnabas-kelemen-katalin-kokas-violinists\/","og_site_name":"Zagreb soloist","article_publisher":"https:\/\/www.facebook.com\/Zgsolisti\/","article_published_time":"2025-06-13T15:34:17+00:00","article_modified_time":"2025-11-06T15:21:28+00:00","og_image":[{"width":427,"height":640,"url":"https:\/\/zagrebacki-solisti.com\/wp-content\/uploads\/2025\/06\/4N5A8415-masolat-\u2013-kozepes-e1749713160186.jpeg","type":"image\/jpeg"}],"author":"Zagreba\u010dki Solisti","twitter_card":"summary_large_image","twitter_misc":{"Written by":"Zagreba\u010dki Solisti","Est. reading time":"10 minutes"},"schema":{"@context":"https:\/\/schema.org","@graph":[{"@type":"Article","@id":"https:\/\/zagrebacki-solisti.com\/en\/concerts\/13-06-26-barnabas-kelemen-katalin-kokas-violinists\/#article","isPartOf":{"@id":"https:\/\/zagrebacki-solisti.com\/en\/concerts\/13-06-26-barnabas-kelemen-katalin-kokas-violinists\/"},"author":{"name":"Zagreba\u010dki Solisti","@id":"https:\/\/zagrebacki-solisti.com\/en\/#\/schema\/person\/2001eb9165ed6be7b46c1f92387a615c"},"headline":"13.06.26. Barnab\u00e1s Kelemen, Katalin Kokas, violinists","datePublished":"2025-06-13T15:34:17+00:00","dateModified":"2025-11-06T15:21:28+00:00","mainEntityOfPage":{"@id":"https:\/\/zagrebacki-solisti.com\/en\/concerts\/13-06-26-barnabas-kelemen-katalin-kokas-violinists\/"},"wordCount":1766,"publisher":{"@id":"https:\/\/zagrebacki-solisti.com\/en\/#organization"},"image":{"@id":"https:\/\/zagrebacki-solisti.com\/en\/concerts\/13-06-26-barnabas-kelemen-katalin-kokas-violinists\/#primaryimage"},"thumbnailUrl":"https:\/\/zagrebacki-solisti.com\/wp-content\/uploads\/2025\/06\/4N5A8415-masolat-\u2013-kozepes-e1749713160186.jpeg","keywords":["Barnab\u00e1s Kelemen","Katalin Kokas","vatroslav lisinski concert hall","violinists","zagreb soloists"],"articleSection":["Concerts","Current season"],"inLanguage":"en-US"},{"@type":"WebPage","@id":"https:\/\/zagrebacki-solisti.com\/en\/concerts\/13-06-26-barnabas-kelemen-katalin-kokas-violinists\/","url":"https:\/\/zagrebacki-solisti.com\/en\/concerts\/13-06-26-barnabas-kelemen-katalin-kokas-violinists\/","name":"13.06.26. Barnab\u00e1s Kelemen, Katalin Kokas, violinists - Zagreb soloist","isPartOf":{"@id":"https:\/\/zagrebacki-solisti.com\/en\/#website"},"primaryImageOfPage":{"@id":"https:\/\/zagrebacki-solisti.com\/en\/concerts\/13-06-26-barnabas-kelemen-katalin-kokas-violinists\/#primaryimage"},"image":{"@id":"https:\/\/zagrebacki-solisti.com\/en\/concerts\/13-06-26-barnabas-kelemen-katalin-kokas-violinists\/#primaryimage"},"thumbnailUrl":"https:\/\/zagrebacki-solisti.com\/wp-content\/uploads\/2025\/06\/4N5A8415-masolat-\u2013-kozepes-e1749713160186.jpeg","datePublished":"2025-06-13T15:34:17+00:00","dateModified":"2025-11-06T15:21:28+00:00","description":", Katalin Kokas, 13.06.26. Barnab\u00e1s Kelemen, Katalin Kokas, violinists","breadcrumb":{"@id":"https:\/\/zagrebacki-solisti.com\/en\/concerts\/13-06-26-barnabas-kelemen-katalin-kokas-violinists\/#breadcrumb"},"inLanguage":"en-US","potentialAction":[{"@type":"ReadAction","target":["https:\/\/zagrebacki-solisti.com\/en\/concerts\/13-06-26-barnabas-kelemen-katalin-kokas-violinists\/"]}]},{"@type":"ImageObject","inLanguage":"en-US","@id":"https:\/\/zagrebacki-solisti.com\/en\/concerts\/13-06-26-barnabas-kelemen-katalin-kokas-violinists\/#primaryimage","url":"https:\/\/zagrebacki-solisti.com\/wp-content\/uploads\/2025\/06\/4N5A8415-masolat-\u2013-kozepes-e1749713160186.jpeg","contentUrl":"https:\/\/zagrebacki-solisti.com\/wp-content\/uploads\/2025\/06\/4N5A8415-masolat-\u2013-kozepes-e1749713160186.jpeg","width":427,"height":640},{"@type":"BreadcrumbList","@id":"https:\/\/zagrebacki-solisti.com\/en\/concerts\/13-06-26-barnabas-kelemen-katalin-kokas-violinists\/#breadcrumb","itemListElement":[{"@type":"ListItem","position":1,"name":"Home","item":"https:\/\/zagrebacki-solisti.com\/en\/zagreb-soloists\/"},{"@type":"ListItem","position":2,"name":"13.06.26. Barnab\u00e1s Kelemen, Katalin Kokas, violinists"}]},{"@type":"WebSite","@id":"https:\/\/zagrebacki-solisti.com\/en\/#website","url":"https:\/\/zagrebacki-solisti.com\/en\/","name":"Zagreb soloist","description":"Classical music ensemble","publisher":{"@id":"https:\/\/zagrebacki-solisti.com\/en\/#organization"},"potentialAction":[{"@type":"SearchAction","target":{"@type":"EntryPoint","urlTemplate":"https:\/\/zagrebacki-solisti.com\/en\/?s={search_term_string}"},"query-input":{"@type":"PropertyValueSpecification","valueRequired":true,"valueName":"search_term_string"}}],"inLanguage":"en-US"},{"@type":"Organization","@id":"https:\/\/zagrebacki-solisti.com\/en\/#organization","name":"Zagreb soloist","url":"https:\/\/zagrebacki-solisti.com\/en\/","logo":{"@type":"ImageObject","inLanguage":"en-US","@id":"https:\/\/zagrebacki-solisti.com\/en\/#\/schema\/logo\/image\/","url":"https:\/\/zagrebacki-solisti.com\/wp-content\/uploads\/2023\/09\/ZG-Solisti-logo.png","contentUrl":"https:\/\/zagrebacki-solisti.com\/wp-content\/uploads\/2023\/09\/ZG-Solisti-logo.png","width":180,"height":91,"caption":"Zagreb soloist"},"image":{"@id":"https:\/\/zagrebacki-solisti.com\/en\/#\/schema\/logo\/image\/"},"sameAs":["https:\/\/www.facebook.com\/Zgsolisti\/","https:\/\/www.instagram.com\/zagrebsoloists\/","https:\/\/www.youtube.com\/@zagrebsoloists"]},{"@type":"Person","@id":"https:\/\/zagrebacki-solisti.com\/en\/#\/schema\/person\/2001eb9165ed6be7b46c1f92387a615c","name":"Zagreba\u010dki Solisti","image":{"@type":"ImageObject","inLanguage":"en-US","@id":"https:\/\/zagrebacki-solisti.com\/en\/#\/schema\/person\/image\/","url":"https:\/\/zagrebacki-solisti.com\/wp-content\/litespeed\/avatar\/6899fba0ee574cce7c6f1388ad6cac86.jpg?ver=1777034305","contentUrl":"https:\/\/zagrebacki-solisti.com\/wp-content\/litespeed\/avatar\/6899fba0ee574cce7c6f1388ad6cac86.jpg?ver=1777034305","caption":"Zagreba\u010dki Solisti"},"url":"https:\/\/zagrebacki-solisti.com\/en\/author\/zgsolisti\/"}]}},"_links":{"self":[{"href":"https:\/\/zagrebacki-solisti.com\/en\/wp-json\/wp\/v2\/posts\/6703","targetHints":{"allow":["GET"]}}],"collection":[{"href":"https:\/\/zagrebacki-solisti.com\/en\/wp-json\/wp\/v2\/posts"}],"about":[{"href":"https:\/\/zagrebacki-solisti.com\/en\/wp-json\/wp\/v2\/types\/post"}],"author":[{"embeddable":true,"href":"https:\/\/zagrebacki-solisti.com\/en\/wp-json\/wp\/v2\/users\/2"}],"replies":[{"embeddable":true,"href":"https:\/\/zagrebacki-solisti.com\/en\/wp-json\/wp\/v2\/comments?post=6703"}],"version-history":[{"count":5,"href":"https:\/\/zagrebacki-solisti.com\/en\/wp-json\/wp\/v2\/posts\/6703\/revisions"}],"predecessor-version":[{"id":6875,"href":"https:\/\/zagrebacki-solisti.com\/en\/wp-json\/wp\/v2\/posts\/6703\/revisions\/6875"}],"wp:featuredmedia":[{"embeddable":true,"href":"https:\/\/zagrebacki-solisti.com\/en\/wp-json\/wp\/v2\/media\/6705"}],"wp:attachment":[{"href":"https:\/\/zagrebacki-solisti.com\/en\/wp-json\/wp\/v2\/media?parent=6703"}],"wp:term":[{"taxonomy":"category","embeddable":true,"href":"https:\/\/zagrebacki-solisti.com\/en\/wp-json\/wp\/v2\/categories?post=6703"},{"taxonomy":"post_tag","embeddable":true,"href":"https:\/\/zagrebacki-solisti.com\/en\/wp-json\/wp\/v2\/tags?post=6703"}],"curies":[{"name":"wp","href":"https:\/\/api.w.org\/{rel}","templated":true}]}}